{"id":2256,"date":"2022-02-11T15:24:03","date_gmt":"2022-02-11T14:24:03","guid":{"rendered":"http:\/\/www.coudalere.info\/wordpress\/?p=2256"},"modified":"2022-02-11T15:34:08","modified_gmt":"2022-02-11T14:34:08","slug":"dato-oversigt-over-generalforsamlinger-i-coudalere-2022","status":"publish","type":"post","link":"http:\/\/www.coudalere.info\/wordpress\/2022\/02\/11\/dato-oversigt-over-generalforsamlinger-i-coudalere-2022\/","title":{"rendered":"Dato oversigt over Generalforsamlinger i Coudalere 2022"},"content":{"rendered":"\n<p class=\"wp-block-paragraph\"><strong>Husk det vigtige at,  i ejerne, deltager i generalforsamlingerne eller som minimum sender en fuldmagt til de respektive generalforsamlinger.<\/strong><\/p>\n\n\n\n<!--more-->\n\n\n\n<div class=\"wp-block-group has-vivid-red-color has-text-color\"><div class=\"wp-block-group__inner-container is-layout-flow wp-block-group-is-layout-flow\">\n<figure class=\"wp-block-pullquote is-style-default\" style=\"border-color:#000000\"><blockquote class=\"has-text-color has-black-color\"><p>ASSEMBLEES GENERALES <strong>2022<\/strong> PAR DATES<\/p><p>CARA\u00cfBES AG Jeudi 14 avril 10.00h<\/p><p>CS<\/p><p>L\u2019ETANG AG Vendredi 15 avril 09.00h<\/p><p>CS<\/p><p>MARTINIQUE 2&amp;3 AG Vendredi 29 avril 09.30h<\/p><p>CS<\/p><p>MARTINIQUE 1 AG Jeudi 12 mai 14.30h<\/p><p>CS<\/p><p>PALMYRA AG Vendredi 13 mai 14.00h<\/p><p> CS<\/p><p>HEBRYDES AG Vendredi 27 mai 14.30h<\/p><p>CS<\/p><p>GUADELOUPE AG Lundi 30 mai 10.00h<\/p><p>CS<\/p><p>ASLIC AG Vendredi 10 juin 14.00h<\/p><p>SDC<\/p><p>LE PORT AG Vendredi 27 mai 08.30h<\/p><p>MONT CANIGOU AG Samedi 28 mai 09.00h<\/p><p>MARQUISES AG Vendredi 20 mai 14.00h<\/p><p>CATALANA AG<\/p><p>JAMA\u00cfCA AG<\/p><\/blockquote><\/figure>\n<\/div><\/div>\n\n\n\n<h2 class=\"wp-block-heading\">Oversigt over form\u00e6nd og n\u00e6stform\u00e6nd i ejerforeningerne&#8230;.<\/h2>\n\n\n\n<p class=\"wp-block-paragraph\">COPROPRIETE       NOM                  ADRESSE                          TELEPHONE            E-MAIL<\/p>\n\n\n\n<figure class=\"wp-block-table is-style-stripes\"><table><tbody><tr><td>PALMYRA<\/td><td>Marie DALMONT<\/td><td>35 rue Adrien Cavy &#8211; 03700 BELLERIVE SUR ALLIER<\/td><td>0033 664987719<\/td><td><a href=\"mailto:marie_dalmont@hotmail.fr\" target=\"_blank\" rel=\"noreferrer noopener\">marie_dalmont@hotmail.fr<\/a><\/td><\/tr><tr><td>Suppl\u00e9ant<\/td><td>Burkhardt GIELOFF<\/td><td>Oberer B\u00fcrger 18 &#8211; D 27568 BREMERHAFEN<\/td><td>00491741879544<\/td><td><a href=\"mailto:bg@gieloff.de\" target=\"_blank\" rel=\"noreferrer noopener\">bg@gieloff.de<\/a><\/td><\/tr><tr><td>MARTINIQUE 1<\/td><td>Jean-Paul GALLET<\/td><td>204 Bd Martinique &#8211; 66420 LE BARCARES<\/td><td>0033 607611443<\/td><td><a href=\"mailto:jp.gallet49@gmail.com\" target=\"_blank\" rel=\"noreferrer noopener\">jp.gallet49@gmail.com<\/a><\/td><\/tr><tr><td>Suppl\u00e9ant<\/td><td>Pierre PERES<\/td><td>7, square des Arbousiers &#8211; 47550 BOE<\/td><td>0033 681647949<\/td><td><a href=\"mailto:nanoupierre47@orange.fr\" target=\"_blank\" rel=\"noreferrer noopener\">nanoupierre47@orange.fr<\/a><\/td><\/tr><tr><td>MARTINIQUE 2\/3<\/td><td>John MARKANT<\/td><td>Kjellergata 39 &#8211; N 2003 LILLESTROEM<\/td><td>004790617726<\/td><td><a href=\"mailto:jmarkant@yahoo.no\" target=\"_blank\" rel=\"noreferrer noopener\">jmarkant@yahoo.no<\/a><\/td><\/tr><tr><td>Suppl\u00e9ant<\/td><td>Max HANSEN<\/td><td>Nydamvei 15 &#8211; DK 3650 OLSTYKKE<\/td><td>004520329158<\/td><td><a href=\"mailto:maxhanse@post5.tele.dk\" target=\"_blank\" rel=\"noreferrer noopener\">maxhanse@post5.tele.dk<\/a><\/td><\/tr><tr><td>HEBRYDES<\/td><td>Jos\u00e9 LIMA<\/td><td>6, All\u00e9e des Jonquilles &#8211; 78200 MAGNANVILLE<\/td><td>0033 611474755<\/td><td><a href=\"mailto:jose.lima66@orange.fr\" target=\"_blank\" rel=\"noreferrer noopener\">jose.lima66@orange.fr<\/a><\/td><\/tr><tr><td>Suppl\u00e9ant<\/td><td>Armand CATHALA<\/td><td>ALPI, Domaine de Fillhol &#8211; 11290 ALAIRAC<\/td><td>0033608289806<\/td><td><a href=\"mailto:armandcat11@gmail.com\" target=\"_blank\" rel=\"noreferrer noopener\">armandcat11@gmail.com<\/a><\/td><\/tr><tr><td>GUADELOUPE<\/td><td>Fr\u00e9d\u00e9ric GALLANT<\/td><td>Kappellestraat 142 &#8211; B 9473 WELLE<\/td><td>0032 475770287<\/td><td><a href=\"mailto:fregallant@gmail.com\" target=\"_blank\" rel=\"noreferrer noopener\">fregallant@gmail.com<\/a><\/td><\/tr><tr><td>Suppl\u00e9ant<\/td><td>Markus THILL<\/td><td>p\/a Muehlgraben 09, 56076 KOBLENZ, Allemagne<\/td><td><\/td><td><a href=\"mailto:markus-thill@hotmail.com\" target=\"_blank\" rel=\"noreferrer noopener\">markus-thill@hotmail.com<\/a><\/td><\/tr><tr><td>LE PORT<\/td><td>Gr\u00e9gory BENTZ<\/td><td>SAS WBI &#8211; 21 rue Sombrero &#8211; 66420 LE BARCARES<\/td><td>0033 613024615<\/td><td><a href=\"mailto:gregory@location-coudalere.fr\" target=\"_blank\" rel=\"noreferrer noopener\">gregory@location-coudalere.fr<\/a><\/td><\/tr><tr><td>Suppl\u00e9ante<\/td><td>Lydia Matteo<\/td><td>R\u00e9s. La Clairi\u00e8re B\u00e2t D36 Av. de la Libert\u00e9-13380 PLAN DE CUQUES<\/td><td>0033 680321080<\/td><td><a href=\"mailto:matteo.lydia@orange.fr\" target=\"_blank\" rel=\"noreferrer noopener\">matteo.lydia@orange.fr<\/a><\/td><\/tr><tr><td>L&#8217;ETANG<\/td><td>Michael HERSCHEND<\/td><td>Storskoven 19, Annisse Nord, DK 3200 HELSINGE<\/td><td>0045 23396644<\/td><td><a href=\"mailto:michael@herschend.com\" target=\"_blank\" rel=\"noreferrer noopener\">michael@herschend.com<\/a><\/td><\/tr><tr><td>Suppl\u00e9ant<\/td><td>Asger ANDERSEN<\/td><td>Oktobervej 12, Torsted, 8700 HORSENS, DANEMARK<\/td><td>0045 24461491<\/td><td><a href=\"mailto:aa@gustav-oestergaard.dk\" target=\"_blank\" rel=\"noreferrer noopener\">aa@gustav-oestergaard.dk<\/a><\/td><\/tr><tr><td>MONT CANIGOU<\/td><td>Daniel BLOT<\/td><td>55, Rue des Murlins &#8211; 45000 ORLEANS<\/td><td>0033 626849767<\/td><td><a href=\"mailto:lapanouze@gmail.com\" target=\"_blank\" rel=\"noreferrer noopener\">lapanouze@gmail.com<\/a><\/td><\/tr><tr><td>Suppl\u00e9ant<\/td><td>Jean-Michel ROYER<\/td><td>116 all\u00e9e du Clos des petits Coteaux &#8211; 45160 OLIVET<\/td><td><\/td><td><a href=\"mailto:jean-michel.royer@laposte.net\" target=\"_blank\" rel=\"noreferrer noopener\">jean-michel.royer@laposte.net<\/a><\/td><\/tr><tr><td>CARAIBES<\/td><td><\/td><td><\/td><td><\/td><td><\/td><\/tr><tr><td>Suppl\u00e9ant<\/td><td><\/td><td><\/td><td><\/td><td><\/td><\/tr><tr><td>MARQUISES<\/td><td>Pierre HEITZMANN<\/td><td>2 bis, rue Sain Spire &#8211; 91840 SOISY SUR ECOLE<\/td><td>0033 678807949<\/td><td><a href=\"mailto:heitzmann.pierre@gmail.com\" target=\"_blank\" rel=\"noreferrer noopener\">heitzmann.pierre@gmail.com<\/a><\/td><\/tr><tr><td>Suppl\u00e9ant<\/td><td>Michel GRATACOS<\/td><td>4 Place Aim\u00e9 Cesaire &#8211; 66000 PERPIGNAN<\/td><td>0033 661754352<\/td><td><a href=\"mailto:michelg604@gmail.com\" target=\"_blank\" rel=\"noreferrer noopener\">michelg604@gmail.com<\/a><\/td><\/tr><tr><td>LE MOLE<\/td><td>Aad OUBORG<\/td><td>Duivelsbruglaan 42 &#8211; NL 4835 JH BREDA<\/td><td>0031 765314711<\/td><td><a href=\"mailto:aad.ouborg@ouborggroup.nl\" target=\"_blank\" rel=\"noreferrer noopener\">aad.ouborg@ouborggroup.nl<\/a><\/td><\/tr><tr><td>SNACKBAR PISCINE<\/td><td>Jef VAN DE WEIJER<\/td><td>360 rue des Montpelli\u00e8res 11480 LA PALME<\/td><td><\/td><td><a href=\"mailto:info@pro-elevage.com\" target=\"_blank\" rel=\"noreferrer noopener\">info@pro-elevage.com<\/a><\/td><\/tr><tr><td>JAMAICA<\/td><td>Andr\u00e9 SIMONNET<\/td><td>5, Rue Stanislas &#8211; 75006 PARIS<\/td><td>0033 609924981<\/td><td><a href=\"mailto:simonnetandre@gmail.com\" target=\"_blank\" rel=\"noreferrer noopener\">simonnetandre@gmail.com<\/a><\/td><\/tr><tr><td>Suppl\u00e9ant<\/td><td><\/td><td><\/td><td><\/td><td><\/td><\/tr><tr><td>CATALANA<\/td><td>Beno\u00eet CHASTEL<\/td><td>La Grange Bourbon, 69220 CHARENTAY<\/td><td>0033 675789740<\/td><td><a href=\"mailto:domaine.grange.bourbon@gmail.com\" target=\"_blank\" rel=\"noreferrer noopener\">domaine.grange.bourbon@gmail.com<\/a><\/td><\/tr><tr><td>Suppl\u00e9ant<\/td><td>Bruno GAUTHIER<\/td><td>17 Rue des Ecureuils 66240 ST ESTEVE<\/td><td><\/td><td><a href=\"mailto:brunogauthier66@orange.fr\" target=\"_blank\" rel=\"noreferrer noopener\">brunogauthier66@orange.fr<\/a><\/td><\/tr><\/tbody><\/table><\/figure>\n","protected":false},"excerpt":{"rendered":"<p>Husk det vigtige at, i ejerne, deltager i generalforsamlingerne eller som minimum sender en fuldmagt til de respektive generalforsamlinger.<\/p>\n","protected":false},"author":2,"featured_media":2259,"comment_status":"closed","ping_status":"closed","sticky":false,"template":"","format":"standard","meta":{"footnotes":""},"categories":[9],"tags":[],"class_list":["post-2256","post","type-post","status-publish","format-standard","has-post-thumbnail","hentry","category-medlem"],"_links":{"self":[{"href":"http:\/\/www.coudalere.info\/wordpress\/wp-json\/wp\/v2\/posts\/2256","targetHints":{"allow":["GET"]}}],"collection":[{"href":"http:\/\/www.coudalere.info\/wordpress\/wp-json\/wp\/v2\/posts"}],"about":[{"href":"http:\/\/www.coudalere.info\/wordpress\/wp-json\/wp\/v2\/types\/post"}],"author":[{"embeddable":true,"href":"http:\/\/www.coudalere.info\/wordpress\/wp-json\/wp\/v2\/users\/2"}],"replies":[{"embeddable":true,"href":"http:\/\/www.coudalere.info\/wordpress\/wp-json\/wp\/v2\/comments?post=2256"}],"version-history":[{"count":4,"href":"http:\/\/www.coudalere.info\/wordpress\/wp-json\/wp\/v2\/posts\/2256\/revisions"}],"predecessor-version":[{"id":2262,"href":"http:\/\/www.coudalere.info\/wordpress\/wp-json\/wp\/v2\/posts\/2256\/revisions\/2262"}],"wp:featuredmedia":[{"embeddable":true,"href":"http:\/\/www.coudalere.info\/wordpress\/wp-json\/wp\/v2\/media\/2259"}],"wp:attachment":[{"href":"http:\/\/www.coudalere.info\/wordpress\/wp-json\/wp\/v2\/media?parent=2256"}],"wp:term":[{"taxonomy":"category","embeddable":true,"href":"http:\/\/www.coudalere.info\/wordpress\/wp-json\/wp\/v2\/categories?post=2256"},{"taxonomy":"post_tag","embeddable":true,"href":"http:\/\/www.coudalere.info\/wordpress\/wp-json\/wp\/v2\/tags?post=2256"}],"curies":[{"name":"wp","href":"https:\/\/api.w.org\/{rel}","templated":true}]}}