{"id":2283,"date":"2022-02-25T16:56:00","date_gmt":"2022-02-25T15:56:00","guid":{"rendered":"http:\/\/www.coudalere.info\/wordpress\/?p=2283"},"modified":"2022-04-05T18:26:58","modified_gmt":"2022-04-05T16:26:58","slug":"referat-fra-generalforsamlingen-d-5-2-2022-paa-hotel-sabro-kro","status":"publish","type":"post","link":"http:\/\/www.coudalere.info\/wordpress\/2022\/02\/25\/referat-fra-generalforsamlingen-d-5-2-2022-paa-hotel-sabro-kro\/","title":{"rendered":"Referat fra generalforsamlingen d 5\/2 2022 p\u00e5 Hotel Sabro Kro"},"content":{"rendered":"\n<!--more-->\n\n\n<p class=\"p2\">Dagsorden:<\/p>\n<p class=\"p2\">Valg af dirigent<\/p>\n<p class=\"p2\">Bestyrelsens beretning<\/p>\n<p class=\"p2\">Freml\u00e6ggelse af det reviderede regnskab for 2020 og 2021<\/p>\n<p class=\"p2\">Freml\u00e6ggelse af budget for 2022 og 2023, herunder kontingent for 2022 og 2023<\/p>\n<p class=\"p2\">Valg af medlemmer til bestyrelsen<\/p>\n<p class=\"p2\">Valg af suppleanter<\/p>\n<p class=\"p2\">Valg af revisor<\/p>\n<p class=\"p2\">Eventuelt \u2013 herunder orientering om nyt fra ASLIC<\/p>\n<p class=\"p2\"><b>Valg af dirigent<\/b><\/p>\n<p class=\"p2\"><b> <\/b>Formanden indledte med at byde velkommen hvorefter Poul Andersen blev valgt<\/p>\n<p class=\"p2\">som<span class=\"Apple-converted-space\">&nbsp; <\/span>dirigent.<\/p>\n<p class=\"p2\">Dirigenten takkede for valget og konstaterede at Generalforsamlingen var lovligt varslet.<\/p>\n<p class=\"p2\">Derefter takkede formanden bestyrelsen for deres arbejde igennem den forl\u00f8bne periode, og en s\u00e6rlig tak for en god og v\u00e6rdifuld indsats blev rettet til Berit Brenne, som i 2020 \u00f8nskede at fratr\u00e6de efter mange \u00e5r som bestyrelsesmedlem.<\/p>\n<p class=\"p1\">\n<\/p><p class=\"p2\"><b>Bestyrelsens beretning<\/b><\/p>\n<p class=\"p2\">Formanden orienterede lidt om hvad der er sket i Coudal\u00e8re i den forl\u00f8bne periode :<\/p>\n<p class=\"p2\">Vi har bl.a. f\u00e5et et nyt<span class=\"Apple-converted-space\">&nbsp; <\/span>Carrefour supermarked og der l\u00f8d en opfordring til at huske at benytte dette og de \u00f8vrige forretninger og restauranter, s\u00e5 livet i Coudalere ikke d\u00f8r ud.<\/p>\n<p class=\"p2\">Der er blevet udsmykket p\u00e5 \u201dklubhuset\u201d ved tennisbanerne. Aslic har betalt malingen, og kunstneren har arbejdet gratis.<\/p>\n<p class=\"p2\">Der er efterh\u00e5nden en del skandinaviske ejere, der s\u00e6lger deres lejligheder, og de ny ejere er ofte franske. Vi vil imidlertid gerne bibeholde vores \u201dskandinaviske stemme\u201d i Coudalere, og for at fors\u00f8ge at tiltr\u00e6kke medlemmer til vores forening, har vi derfor udf\u00e6rdiget en ny skrivelse, der informerer herom. Denne skrivelse vil Aslic v\u00e6re behj\u00e6lpelige med at udlevere til skandinaviske ejere, der henvender sig til dem.<\/p>\n<p class=\"p2\">Formanden pointerede i den forbindelse det fine samarbejde, vi i det hele taget har med<span class=\"Apple-converted-space\">&nbsp; <\/span><\/p>\n<p class=\"p2\">Aslic.<\/p>\n<p class=\"p2\">En oversigt over f\u00e6llesudgifterne til Aslic sammenlignet med prisniveauet i de omliggende<span class=\"Apple-converted-space\">&nbsp; <\/span>bebyggelser blev pr\u00e6senteret. Sammenlignet med de \u00f8vrige bebyggelser f\u00e5r vi meget for det bel\u00f8b, vi betaler til Aslic. Denne oversigt kan ogs\u00e5 findes p\u00e5 foreningens hjemmeside.<\/p>\n<p class=\"p1\">\n<\/p><p class=\"p2\"><b> Freml\u00e6ggelse af det reviderede regnskab for 2020 og 2021 <\/b><\/p>\n<p class=\"p2\">Kassereren fremlagde det reviderede regnskab for 2020 og 2021, som blev godkendt af<span class=\"Apple-converted-space\">&nbsp; <\/span>generalforsamlingen.<\/p>\n<p class=\"p2\"><b>Freml\u00e6ggelse af budget for 2022 og 2023, herunder kontingent for 2022 og 2023 <\/b>Budgettet<span class=\"Apple-converted-space\">&nbsp; <\/span>for 2022 og 2023 blev ogs\u00e5 fremlagt, og i den forbindelse blev det besluttet at bibeholde kontingentet ogs\u00e5 for 2023 p\u00e5 kr. 650,-.<\/p>\n<p class=\"p1\">\n<\/p><p class=\"p2\"><b>Valg af medlemmer til bestyrelsen <\/b><\/p>\n<p class=\"p2\"><b> <\/b>Alle medlemmer af bestyrelsen var villige til genvalg og ingen andre \u00f8nskede at opstille.<\/p>\n<p class=\"p2\">Bestyrelsen forts\u00e6tter derfor u\u00e6ndret som f\u00f8lger:<\/p>\n<p class=\"p2\">Stig Pieler Formand<\/p>\n<p class=\"p2\">Per Justad Bestyrelsesmedlem<\/p>\n<p class=\"p2\">Poul Andersen Bestyrelsesmedlem\/kasserer<\/p>\n<p class=\"p2\">Jan Pedersen Bestyrelsesmedlem\/webmaster<\/p>\n<p class=\"p2\">Susanne Berg Bestyrelsesmedlem\/sekret\u00e6r<\/p>\n<p class=\"p2\"><b>Valg af suppleanter<\/b><\/p>\n<p class=\"p3\">Der er p.t. ingen suppleanter til bestyrelsen. Ingen \u00f8nskede at opstille til valg, og man enedes om at forts\u00e6tte som nu med 5 bestyrelsesmedlemmer og ingen suppleanter.<\/p>\n<p class=\"p5\"><b>Valg af revisor<\/b><\/p>\n<p class=\"p5\">Michael Herschend blev genvalgt som revisor.<\/p>\n<p class=\"p2\">E<b>ventuelt \u2013 herunder orientering om nyt fra Aslic<\/b><\/p>\n<p class=\"p2\"><b> <\/b>Der var ikke indkommet nogen forslag til emner og Michael fik derfor ordet for at give en orientering om nyt fra Aslic.<\/p>\n<p class=\"p2\">Han indledte med at opfordre s\u00e5 mange som muligt til at st\u00f8tte op om arbejdet i Aslic og m\u00f8de op til generalforsamlingerne i de enkelte ejerforeninger i Frankrig. Hvis man ikke har mulighed for det, er det vigtigt at man sender sin fuldmagt, s\u00e5ledes at s\u00e5 mange ejere som muligt er repr\u00e6senteret med deres stemme.<\/p>\n<p class=\"p2\">Herudover informerede Michael om nogle af de aktiviteter, der arbejdes p\u00e5 \u2013 bl.a.:<\/p>\n<p class=\"p2\">Bel\u00e6gningen p\u00e5 tennisbanerne er efterh\u00e5nden slidt og beskadiget af r\u00f8dder fra beplantning rundtom banerne, og de st\u00e5r nu foran en renovering.<\/p>\n<p class=\"p2\">Vanding af de gr\u00f8nne f\u00e6llesarealer. Da der stort set hver sommer er vandingsforbud, vil det p\u00e5 sigt v\u00e6re vanskeligt at bibeholde de store gr\u00e6spl\u00e6ner, og der vil sandsynligvis hen ad vejen blive \u00e6ndret i beplantningen p\u00e5 disse omr\u00e5der til noget mindre vandkr\u00e6vende.<\/p>\n<p class=\"p2\">Der er problemer med belysningen p\u00e5 nogle af f\u00e6llesomr\u00e5derne, da der har v\u00e6ret risiko for overgang i 16 af lysmasterne. Derfor er str\u00f8mmen til disse blevet afbrudt og der er lavet midlertidige batteridrevne l\u00f8sninger, mens der arbejdes p\u00e5 en permanent l\u00f8sning af problemet.<\/p>\n<p class=\"p2\">De tidligere 61 time-share lejligheder (beliggende hovedsageligt p\u00e5 Bld. Guadeloupe) er nu<\/p>\n<p class=\"p2\">solgt til et stort parisisk selskab\/pensionskasse. Man vil nu igangs\u00e6tte en renovering<span class=\"Apple-converted-space\">&nbsp; <\/span>af lejlighederne, og det antages at de fremadrettet vil blive benyttet af personale fra selskabet i Paris.<\/p>\n<p class=\"p2\">Den lille strand.<span class=\"Apple-converted-space\">&nbsp; <\/span>Der har f\u00f8r v\u00e6ret talt om, at det er et problem at den lille strand ikke bliver vedligeholdt. Der blev derfor opfordret til at man n\u00e6vner dette p\u00e5 de enkelte generalforsamlinger i Frankrig, s\u00e5ledes at ASLIC igen kan rette henvendelse herom til kommunen.<\/p>\n<p class=\"p2\">Club Coudalere. Vi betaler alle et bel\u00f8b hvert \u00e5r (ca 35Eur) til underholdning og aktiviteter i Coudalere. Dette er hidtil b\u00e5de blevet opkr\u00e6vet og arrangeret af Aslic. I dag ligger det<span class=\"Apple-converted-space\">&nbsp; <\/span><\/p>\n<p class=\"p2\">imidlertid i en separat forening &#8211;<span class=\"Apple-converted-space\">&nbsp; <\/span>Club Coudalere, hvis bestyrelse er valgt p\u00e5 ulovligt grundlag.<span class=\"Apple-converted-space\">&nbsp; <\/span>Aslic giver udtryk for, at<span class=\"Apple-converted-space\">&nbsp; <\/span>samarbejdet med Club Coudalere ikke er tilfredsstillende. Club Coudalere er en forening med frivilligt medlemskab, hvorimod Aslic er obligatorisk.<\/p>\n<p class=\"p2\">Swimmingpool-projektet er i fuld gang og forventes at v\u00e6re f\u00e6rdigt i slutningen af juni m\u00e5ned &#8211; senest 30. 6. Fremdriften i projektet kan f\u00f8lges med bl.a. mange billeder p\u00e5 Aslics hjemmeside capcoudalere.fr <span class=\"Apple-converted-space\">&nbsp; <\/span><\/p>\n<p class=\"p2\">Udover denne orientering om nyt fra Aslic var der lidt dr\u00f8ftelser af diverse mindre emner. Herunder blev det<span class=\"Apple-converted-space\">&nbsp; <\/span>bl.a. foresl\u00e5et, at man i stedet for at starte foreningens generalforsamling med frokost kl. 12.00 i stedet starter generalforsamlingen kl. 14.00 og afslutter med middag i h\u00e5b om, at flere s\u00e5 havde lyst til at blive og deltage i middagen og efterf\u00f8lgende hyggeligt samv\u00e6r med \u00f8vrige medlemmer af foreningen.<\/p>\n<p class=\"p2\"><b>Generalforsamling i Foreningen Coudal\u00e8re Skandinavien 5. februar 2022 <\/b><\/p>\n<p class=\"p6\"><\/p>\n\n\n<div data-wp-interactive=\"core\/file\" class=\"wp-block-file\"><object data-wp-bind--hidden=\"!state.hasPdfPreview\" hidden class=\"wp-block-file__embed\" data=\"http:\/\/www.coudalere.info\/wordpress\/wp-content\/uploads\/2022\/03\/Regnskab-2020-Foreningen-Coudalere-Scandinavien-slut.pdf\" type=\"application\/pdf\" style=\"width:100%;height:600px\" aria-label=\"Embed Embed Regnskab-2020-Foreningen-Coudalere-Scandinavien-slut..\"><\/object><a href=\"http:\/\/www.coudalere.info\/wordpress\/wp-content\/uploads\/2022\/03\/Regnskab-2020-Foreningen-Coudalere-Scandinavien-slut.pdf\">Regnskab-2020-Foreningen-Coudalere-Scandinavien-slut<\/a><a href=\"http:\/\/www.coudalere.info\/wordpress\/wp-content\/uploads\/2022\/03\/Regnskab-2020-Foreningen-Coudalere-Scandinavien-slut.pdf\" class=\"wp-block-file__button\" download>Download<\/a><\/div>\n\n\n\n<div data-wp-interactive=\"core\/file\" class=\"wp-block-file\"><object data-wp-bind--hidden=\"!state.hasPdfPreview\" hidden class=\"wp-block-file__embed\" data=\"http:\/\/www.coudalere.info\/wordpress\/wp-content\/uploads\/2022\/03\/Regnskab-2021-Foreningen-Coudalere-Scandinavien-slut.pdf\" type=\"application\/pdf\" style=\"width:100%;height:600px\" aria-label=\"Embed Embed Regnskab-2021-Foreningen-Coudalere-Scandinavien-slut..\"><\/object><a href=\"http:\/\/www.coudalere.info\/wordpress\/wp-content\/uploads\/2022\/03\/Regnskab-2021-Foreningen-Coudalere-Scandinavien-slut.pdf\">Regnskab-2021-Foreningen-Coudalere-Scandinavien-slut<\/a><a href=\"http:\/\/www.coudalere.info\/wordpress\/wp-content\/uploads\/2022\/03\/Regnskab-2021-Foreningen-Coudalere-Scandinavien-slut.pdf\" class=\"wp-block-file__button\" download>Download<\/a><\/div>\n","protected":false},"excerpt":{"rendered":"","protected":false},"author":2,"featured_media":1754,"comment_status":"closed","ping_status":"closed","sticky":false,"template":"","format":"standard","meta":{"footnotes":""},"categories":[9,52],"tags":[],"class_list":["post-2283","post","type-post","status-publish","format-standard","has-post-thumbnail","hentry","category-medlem","category-tidligere-generalforsamlinger"],"_links":{"self":[{"href":"http:\/\/www.coudalere.info\/wordpress\/wp-json\/wp\/v2\/posts\/2283","targetHints":{"allow":["GET"]}}],"collection":[{"href":"http:\/\/www.coudalere.info\/wordpress\/wp-json\/wp\/v2\/posts"}],"about":[{"href":"http:\/\/www.coudalere.info\/wordpress\/wp-json\/wp\/v2\/types\/post"}],"author":[{"embeddable":true,"href":"http:\/\/www.coudalere.info\/wordpress\/wp-json\/wp\/v2\/users\/2"}],"replies":[{"embeddable":true,"href":"http:\/\/www.coudalere.info\/wordpress\/wp-json\/wp\/v2\/comments?post=2283"}],"version-history":[{"count":3,"href":"http:\/\/www.coudalere.info\/wordpress\/wp-json\/wp\/v2\/posts\/2283\/revisions"}],"predecessor-version":[{"id":2290,"href":"http:\/\/www.coudalere.info\/wordpress\/wp-json\/wp\/v2\/posts\/2283\/revisions\/2290"}],"wp:featuredmedia":[{"embeddable":true,"href":"http:\/\/www.coudalere.info\/wordpress\/wp-json\/wp\/v2\/media\/1754"}],"wp:attachment":[{"href":"http:\/\/www.coudalere.info\/wordpress\/wp-json\/wp\/v2\/media?parent=2283"}],"wp:term":[{"taxonomy":"category","embeddable":true,"href":"http:\/\/www.coudalere.info\/wordpress\/wp-json\/wp\/v2\/categories?post=2283"},{"taxonomy":"post_tag","embeddable":true,"href":"http:\/\/www.coudalere.info\/wordpress\/wp-json\/wp\/v2\/tags?post=2283"}],"curies":[{"name":"wp","href":"https:\/\/api.w.org\/{rel}","templated":true}]}}