{"id":2340,"date":"2022-04-23T08:48:46","date_gmt":"2022-04-23T06:48:46","guid":{"rendered":"http:\/\/www.coudalere.info\/wordpress\/?p=2340"},"modified":"2022-04-23T08:48:48","modified_gmt":"2022-04-23T06:48:48","slug":"generalforsamlingen-gik-ikke-som-ventet","status":"publish","type":"post","link":"http:\/\/www.coudalere.info\/wordpress\/2022\/04\/23\/generalforsamlingen-gik-ikke-som-ventet\/","title":{"rendered":"Generalforsamlingen gik ikke som ventet.."},"content":{"rendered":"\n<p class=\"wp-block-paragraph\">K\u00e6re alle,<\/p>\n\n\n\n<p class=\"wp-block-paragraph\">Det er nu afklaret, at jeg forsat er pr\u00e6sident for ASLIC resten af denne valgperiode, som udl\u00f8ber 10. juni 2022, hvor vi afholder generalforsamling i ASLIC.<\/p>\n\n\n\n<!--more-->\n\n\n\n<p class=\"wp-block-paragraph\">Det er derfor OK for mig at I deler min nedenst\u00e5ende information med de \u00f8vrige medlemmer af den Skandinaviske forening.<\/p>\n\n\n\n<p class=\"wp-block-paragraph\">Nedenst\u00e5ende mail og de vedh\u00e6ftede filer om det organiserede &#8220;angreb&#8221; p\u00e5 mig ved generalforsamlingen i L&#8217;Etang er ogs\u00e5 beskrevet i de vedh\u00e6ftede filer, som jeg har sendt til alle medlemmer af ASLIC og deres stedfortr\u00e6dere &#8211; s\u00e5 er alle informeret om hvordan Edith og Gregory Bentz arbejder ved at undergrave andre&#8230;.<\/p>\n\n\n\n<p class=\"wp-block-paragraph\">De bedste hilsner<\/p>\n\n\n\n<p class=\"wp-block-paragraph\">Michael Herschend<\/p>\n\n\n\n<div class=\"wp-block-file\"><a href=\"http:\/\/www.coudalere.info\/wordpress\/wp-content\/uploads\/2022\/04\/Letter-ASLIC-19.04.2022-GB-scaled.jpg\">Letter ASLIC 19.04.2022 GB<\/a><a href=\"http:\/\/www.coudalere.info\/wordpress\/wp-content\/uploads\/2022\/04\/Letter-ASLIC-19.04.2022-GB-scaled.jpg\" class=\"wp-block-file__button\" download>Download<\/a><\/div>\n","protected":false},"excerpt":{"rendered":"<p>K\u00e6re alle, Det er nu afklaret, at jeg forsat er pr\u00e6sident for ASLIC resten af denne valgperiode, som udl\u00f8ber 10. juni 2022, hvor vi afholder generalforsamling i ASLIC.<\/p>\n","protected":false},"author":2,"featured_media":300,"comment_status":"closed","ping_status":"closed","sticky":false,"template":"","format":"standard","meta":{"footnotes":""},"categories":[9],"tags":[],"class_list":["post-2340","post","type-post","status-publish","format-standard","has-post-thumbnail","hentry","category-medlem"],"_links":{"self":[{"href":"http:\/\/www.coudalere.info\/wordpress\/wp-json\/wp\/v2\/posts\/2340","targetHints":{"allow":["GET"]}}],"collection":[{"href":"http:\/\/www.coudalere.info\/wordpress\/wp-json\/wp\/v2\/posts"}],"about":[{"href":"http:\/\/www.coudalere.info\/wordpress\/wp-json\/wp\/v2\/types\/post"}],"author":[{"embeddable":true,"href":"http:\/\/www.coudalere.info\/wordpress\/wp-json\/wp\/v2\/users\/2"}],"replies":[{"embeddable":true,"href":"http:\/\/www.coudalere.info\/wordpress\/wp-json\/wp\/v2\/comments?post=2340"}],"version-history":[{"count":2,"href":"http:\/\/www.coudalere.info\/wordpress\/wp-json\/wp\/v2\/posts\/2340\/revisions"}],"predecessor-version":[{"id":2342,"href":"http:\/\/www.coudalere.info\/wordpress\/wp-json\/wp\/v2\/posts\/2340\/revisions\/2342"}],"wp:featuredmedia":[{"embeddable":true,"href":"http:\/\/www.coudalere.info\/wordpress\/wp-json\/wp\/v2\/media\/300"}],"wp:attachment":[{"href":"http:\/\/www.coudalere.info\/wordpress\/wp-json\/wp\/v2\/media?parent=2340"}],"wp:term":[{"taxonomy":"category","embeddable":true,"href":"http:\/\/www.coudalere.info\/wordpress\/wp-json\/wp\/v2\/categories?post=2340"},{"taxonomy":"post_tag","embeddable":true,"href":"http:\/\/www.coudalere.info\/wordpress\/wp-json\/wp\/v2\/tags?post=2340"}],"curies":[{"name":"wp","href":"https:\/\/api.w.org\/{rel}","templated":true}]}}