{"id":2348,"date":"2022-05-13T09:12:04","date_gmt":"2022-05-13T07:12:04","guid":{"rendered":"http:\/\/www.coudalere.info\/wordpress\/?p=2348"},"modified":"2022-05-13T09:26:11","modified_gmt":"2022-05-13T07:26:11","slug":"ulovlig-generalforsamling-i-club-coudalere","status":"publish","type":"post","link":"http:\/\/www.coudalere.info\/wordpress\/2022\/05\/13\/ulovlig-generalforsamling-i-club-coudalere\/","title":{"rendered":"Ulovlig Generalforsamling i Club Coudalere"},"content":{"rendered":"\n<p class=\"wp-block-paragraph\">Dear Owner,<\/p>\n\n\n\n<p class=\"wp-block-paragraph\">You will find attached a copy of the letter that I have sent today to Mr. Pierre Peres, elected president of Club Coudal\u00e8re on May 21, 2021 in violation of the statutory rules, and who has decided to hold on Thursday May 12, 2022 an extraordinary general assembly in order to modify the statutes of Club Coudal\u00e8re without having convened all the owners on the site.<\/p>\n\n\n\n<!--more-->\n\n\n\n<p class=\"wp-block-paragraph\">As a result, barely 3 percent of you will have received this invitation, which removes all legitimacy from this meeting. I myself did not receive any invitation.<\/p>\n\n\n\n<p class=\"wp-block-paragraph\">&nbsp;Many false things are currently circulating on Coudal\u00e8re. This is why I wanted to inform you of the situation and the measures planned for the future.<\/p>\n\n\n\n<p class=\"wp-block-paragraph\">&nbsp;Be assured of my dedication to the service of ASLIC and La Coudal\u00e8re.<\/p>\n\n\n\n<p class=\"wp-block-paragraph\">Mr Herschend, President of ASLIC<\/p>\n\n\n\n<div data-wp-interactive=\"core\/file\" class=\"wp-block-file\"><object data-wp-bind--hidden=\"!state.hasPdfPreview\" hidden class=\"wp-block-file__embed\" data=\"http:\/\/www.coudalere.info\/wordpress\/wp-content\/uploads\/2022\/05\/Electronic-registered-letter-Mr-PERES-Pierre-Club-Coudale\u0300re.pdf\" type=\"application\/pdf\" style=\"width:100%;height:600px\" aria-label=\"Embed Embed Electronic-registered-letter-Mr-PERES-Pierre-Club-Coudale\u0300re..\"><\/object><a href=\"http:\/\/www.coudalere.info\/wordpress\/wp-content\/uploads\/2022\/05\/Electronic-registered-letter-Mr-PERES-Pierre-Club-Coudale\u0300re.pdf\">Electronic-registered-letter-Mr-PERES-Pierre-Club-Coudale\u0300re<\/a><a href=\"http:\/\/www.coudalere.info\/wordpress\/wp-content\/uploads\/2022\/05\/Electronic-registered-letter-Mr-PERES-Pierre-Club-Coudale\u0300re.pdf\" class=\"wp-block-file__button\" download>Download<\/a><\/div>\n\n\n\n<p class=\"wp-block-paragraph\"><\/p>\n\n\n\n<p class=\"wp-block-paragraph\">Det er med stor berymring at jeg l\u00e6ser dine argumenter om det er foreg\u00e5r i Coudalere. Jeg kan ikke helt forst\u00e5 eller overskue konsekvenserne, men det er da noget der g\u00e5r i den forkerte retning.<\/p>\n\n\n\n<p class=\"wp-block-paragraph\">En extraordin\u00e6r generalforsamling uden korrekt indkaldelse er jo helt absurd. Jeg g\u00e5r ud fra at man som i Danmark starter et m\u00f8r med at dirigenten konstater om m\u00f8det er lovligt indkaldt ?<\/p>\n\n\n\n<p class=\"wp-block-paragraph\">Jeg har v\u00e6ret her siden 1. maj og ved intet om et m\u00f8den 12 maj. Kommer du du eller er du hernede? Hvis ja, vil jeg da meget geren m\u00f8des med dig..<\/p>\n\n\n\n<p class=\"wp-block-paragraph\">Byggeriet bekymrer mig ogs\u00e5. Der er da sket fremskridt siden jeg var her primo marts, der mangler jo stadig mehget. Der f\u00f8rste 3 dage her, skete der absolut ingen ting, ingen arbejde der. Nu har der v\u00e6ret lidt arbejde med at st\u00f8be p\u00e5 murene omkring den nye pool og 2 t\u00e6ndt har arbejdet p\u00e5 taget, men ingen inde i bygningen. Jeg h\u00e5ber nogen styr p\u00e5 hvad der mangler og presser p\u00e5. Et er at vi savner poolen helt vildt, men i juli vil det jo v\u00e6re meget \u00f8del\u00e6gende for alle dem der bor eller har lejet her.<\/p>\n\n\n\n<p class=\"wp-block-paragraph\">H\u00e5ber vi kan ses?<\/p>\n\n\n\n<p class=\"wp-block-paragraph\">venlig hilsen<\/p>\n\n\n\n<p class=\"wp-block-paragraph\">Sven-Erik Petersen<\/p>\n\n\n\n<p class=\"wp-block-paragraph\"><\/p>\n\n\n\n<p class=\"wp-block-paragraph\">K\u00e6re Sven-Erik,<\/p>\n\n\n\n<p class=\"wp-block-paragraph\">Tak for din mail.<\/p>\n\n\n\n<p class=\"wp-block-paragraph\">Ja desv\u00e6rre er der nogle personer i Coudalere som modarbejder ASLIC og personalet der er ansat der. Dette undre ogs\u00e5 mig rigtigt meget da alt personale ansat p\u00e5 ASLIC incl. direkt\u00f8r Jerome CHASON g\u00f8r alt deres bedste for at efterleve de beslutninger vi tager i bestyrelsen.<\/p>\n\n\n\n<p class=\"wp-block-paragraph\">Senest har jeg modtaget flere klager fra personalet om kr\u00e6nkende adf\u00e6rd overfor dem. I Frankrig er der en lov imod kr\u00e6nkende adf\u00e6rd p\u00e5 arbejdspladsen, chikane mv. og jeg ar endda modtaget et meget alvorligt brev fra vores ansatte direkt\u00f8r om de oplevelser han har v\u00e6ret udsat for samt det antal klager han har modtaget fra det underordnede personale. Alt dette har nu afstedkommet at jeg som bestyrelsesformand har modtaget et brev fra noget tilsvarende arbejdstilsynet om arbejdsmilj\u00f8, samt et brev fra l\u00e6ge og advokat. Disse breve har jeg netop i dag besvaret om, at jeg vil indlede en n\u00e6rmere unders\u00f8gelse heraf, hvor alle parter vil blive inviteret til et interview om deres oplevelser om d\u00e5rligt arbejdsmilj\u00f8.<\/p>\n\n\n\n<p class=\"wp-block-paragraph\">Det er desv\u00e6rre min vicepr\u00e6sident Gregory BENT og hans hustru Edith BENTZ der driver en ejendomsm\u00e6glerforretning p\u00e5 Place Martinique der f\u00f8re an i disse chikaner. Derudover er det en pr\u00e6sident for en anden ejerforening Pierre HEITZMANN og den selvudn\u00e6vnte pr\u00e6sident for Club Coudalere Pierre PERES der f\u00f8re an i disse chikaner og d\u00e5rlig opf\u00f8relse overfor vores ASLIC personale.<\/p>\n\n\n\n<p class=\"wp-block-paragraph\">Disse personer vil jeg ogs\u00e5 invitere til et interview om det d\u00e5rlige arbejdsmilj\u00f8. Herefter skal jeg udarbejde en rapport som efter vejledning fra vores advokat skal sendes til arbejdstilsynet, doktoren og den f\u00f8rste advokat, som overfor mig har p\u00e5peget de store erstatningsm\u00e6ssige konsekvenser dette kan have for ASLIC og dermed alle ejere i Coudalere.<\/p>\n\n\n\n<p class=\"wp-block-paragraph\">Som f\u00f8lge af ovenst\u00e5ende finder jeg situationen meget alvorlig.<\/p>\n\n\n\n<p class=\"wp-block-paragraph\">For at jeg ikke skal skrive alt dette igen har jeg tilladt mig at sende denne mail cc til bestyrelsen for den skandinaviske forening &#8211; jeg h\u00e5ber dette er ok for dig &#8211; da dette ogs\u00e5 er af interesse for alle skandinaviske ejere.<\/p>\n\n\n\n<p class=\"wp-block-paragraph\">PS. Jeg er i Coudalere fra den 6. juni til den 12. juni 2022 og igen fra den 12. juli og indtil ca. 9. august 2022. I Coudalere er min adresse Guadeloupe 27 (Marina).<\/p>\n\n\n\n<p class=\"wp-block-paragraph\">Med venlig hilsen\/Best regards,<\/p>\n\n\n\n<p class=\"wp-block-paragraph\"><strong>Michael Herschend<\/strong><\/p>\n\n\n\n<p class=\"wp-block-paragraph\"><\/p>\n\n\n\n<p class=\"wp-block-paragraph\">Tak for du har svaret s\u00e5 grundigt og genbrug det endeligt<\/p>\n\n\n\n<p class=\"wp-block-paragraph\">H\u00e5ber fornuften vil sejre og s\u00e5 m\u00e5 i tage op om &nbsp;Bentz overhovedet m\u00e5 kunne bestride den post hvor der \u00e5benlys konflikt med hans forretning&nbsp;<\/p>\n\n\n\n<p class=\"wp-block-paragraph\">Hilsen til alle vores sk\u00f8nne sted med perfekte 22 grader (for os \u00e6ldre) oggod sommer<\/p>\n\n\n\n<p class=\"wp-block-paragraph\">Sven Erik<\/p>\n","protected":false},"excerpt":{"rendered":"<p>Dear Owner, You will find attached a copy of the letter that I have sent today to Mr. Pierre Peres, elected president of Club Coudal\u00e8re on May 21, 2021 in violation of the statutory rules, and who has decided to hold on Thursday May 12, 2022 an extraordinary general assembly in order to modify the [&hellip;]<\/p>\n","protected":false},"author":2,"featured_media":2253,"comment_status":"open","ping_status":"closed","sticky":false,"template":"","format":"standard","meta":{"footnotes":""},"categories":[9],"tags":[],"class_list":["post-2348","post","type-post","status-publish","format-standard","has-post-thumbnail","hentry","category-medlem"],"_links":{"self":[{"href":"http:\/\/www.coudalere.info\/wordpress\/wp-json\/wp\/v2\/posts\/2348","targetHints":{"allow":["GET"]}}],"collection":[{"href":"http:\/\/www.coudalere.info\/wordpress\/wp-json\/wp\/v2\/posts"}],"about":[{"href":"http:\/\/www.coudalere.info\/wordpress\/wp-json\/wp\/v2\/types\/post"}],"author":[{"embeddable":true,"href":"http:\/\/www.coudalere.info\/wordpress\/wp-json\/wp\/v2\/users\/2"}],"replies":[{"embeddable":true,"href":"http:\/\/www.coudalere.info\/wordpress\/wp-json\/wp\/v2\/comments?post=2348"}],"version-history":[{"count":4,"href":"http:\/\/www.coudalere.info\/wordpress\/wp-json\/wp\/v2\/posts\/2348\/revisions"}],"predecessor-version":[{"id":2354,"href":"http:\/\/www.coudalere.info\/wordpress\/wp-json\/wp\/v2\/posts\/2348\/revisions\/2354"}],"wp:featuredmedia":[{"embeddable":true,"href":"http:\/\/www.coudalere.info\/wordpress\/wp-json\/wp\/v2\/media\/2253"}],"wp:attachment":[{"href":"http:\/\/www.coudalere.info\/wordpress\/wp-json\/wp\/v2\/media?parent=2348"}],"wp:term":[{"taxonomy":"category","embeddable":true,"href":"http:\/\/www.coudalere.info\/wordpress\/wp-json\/wp\/v2\/categories?post=2348"},{"taxonomy":"post_tag","embeddable":true,"href":"http:\/\/www.coudalere.info\/wordpress\/wp-json\/wp\/v2\/tags?post=2348"}],"curies":[{"name":"wp","href":"https:\/\/api.w.org\/{rel}","templated":true}]}}