{"id":2357,"date":"2022-06-08T07:08:32","date_gmt":"2022-06-08T05:08:32","guid":{"rendered":"http:\/\/www.coudalere.info\/wordpress\/?p=2357"},"modified":"2022-06-08T07:08:34","modified_gmt":"2022-06-08T05:08:34","slug":"ekstraordinaer-generalforsamling-i-letang","status":"publish","type":"post","link":"http:\/\/www.coudalere.info\/wordpress\/2022\/06\/08\/ekstraordinaer-generalforsamling-i-letang\/","title":{"rendered":"Ekstraordin\u00e6r generalforsamling i l\u00e9tang"},"content":{"rendered":"\n<p class=\"wp-block-paragraph\">Det har naturligvis prim\u00e6rt interesse for ejere i L\u00c9tang.<\/p>\n\n\n\n<!--more-->\n\n\n\n<p class=\"wp-block-paragraph\">K\u00e6re medlemmer,<\/p>\n\n\n\n<p class=\"wp-block-paragraph\">Mona og jeg har i dag deltaget i den ekstraordin\u00e6re generalforsamling i L\u00c8tang hvor der alene var punktet om godkendelse af en vedt\u00e6gts\u00e6ndring i ASLIC.<\/p>\n\n\n\n<p class=\"wp-block-paragraph\">I generalforsamlingen deltog eller var repr\u00e6senteret 35 ejere svarende til godt <strong>20%<\/strong> af alle stemmer i L\u00c8tang. For at generalforsamlingen kan beslutte noget, er det et krav at mindst <strong>33,3%<\/strong> af alle stemmer deltager eller er repr\u00e6senteret p\u00e5 generalforsamlingen.<\/p>\n\n\n\n<p class=\"wp-block-paragraph\">Ikke engang den nyvalgte pr\u00e6sident for L\u00c8tang M. ROY deltog, men vi fik oplyst, at han var repr\u00e6senteret ved fuldmagt !<\/p>\n\n\n\n<p class=\"wp-block-paragraph\">Der bliver udsendt et kort referat til alle ejere fra CityA med oplysning om, at en ny ekstraordin\u00e6r generalforsamling vil blive indkaldt i slutningen af juli eller primo august 2022.<\/p>\n\n\n\n<p class=\"wp-block-paragraph\">Vi m\u00e5 derfor g\u00f8re en endnu st\u00f8rre indsats for at f\u00e5 indhentet de n\u00f8dvendige fuldmagter til den kommende generalforsamling. Personligt tror jeg, at mange skandinaviske ejere ikke har s\u00e5 let ved at forst\u00e5 de elektroniske indkaldelser fra CityA, men det er m\u00e5ske en opgave for bestyrelsen, at give en vejledning til i det mindste at kunne finde fuldmagtsblanketten p\u00e5 \u00e9n side, udfylde den og sende den til en fra foreningen, som er repr\u00e6senteret i Coudalere p\u00e5 dagen for generalforsamlingen.<\/p>\n\n\n\n<p class=\"wp-block-paragraph\">Med venlig hilsen\/Best regards,<\/p>\n\n\n\n<p class=\"wp-block-paragraph\"><strong>Michael Herschend<\/strong><\/p>\n\n\n\n<p class=\"wp-block-paragraph\"><\/p>\n","protected":false},"excerpt":{"rendered":"<p>Det har naturligvis prim\u00e6rt interesse for ejere i L\u00c9tang.<\/p>\n","protected":false},"author":2,"featured_media":1754,"comment_status":"open","ping_status":"closed","sticky":false,"template":"","format":"standard","meta":{"footnotes":""},"categories":[9],"tags":[],"class_list":["post-2357","post","type-post","status-publish","format-standard","has-post-thumbnail","hentry","category-medlem"],"_links":{"self":[{"href":"http:\/\/www.coudalere.info\/wordpress\/wp-json\/wp\/v2\/posts\/2357","targetHints":{"allow":["GET"]}}],"collection":[{"href":"http:\/\/www.coudalere.info\/wordpress\/wp-json\/wp\/v2\/posts"}],"about":[{"href":"http:\/\/www.coudalere.info\/wordpress\/wp-json\/wp\/v2\/types\/post"}],"author":[{"embeddable":true,"href":"http:\/\/www.coudalere.info\/wordpress\/wp-json\/wp\/v2\/users\/2"}],"replies":[{"embeddable":true,"href":"http:\/\/www.coudalere.info\/wordpress\/wp-json\/wp\/v2\/comments?post=2357"}],"version-history":[{"count":3,"href":"http:\/\/www.coudalere.info\/wordpress\/wp-json\/wp\/v2\/posts\/2357\/revisions"}],"predecessor-version":[{"id":2529,"href":"http:\/\/www.coudalere.info\/wordpress\/wp-json\/wp\/v2\/posts\/2357\/revisions\/2529"}],"wp:featuredmedia":[{"embeddable":true,"href":"http:\/\/www.coudalere.info\/wordpress\/wp-json\/wp\/v2\/media\/1754"}],"wp:attachment":[{"href":"http:\/\/www.coudalere.info\/wordpress\/wp-json\/wp\/v2\/media?parent=2357"}],"wp:term":[{"taxonomy":"category","embeddable":true,"href":"http:\/\/www.coudalere.info\/wordpress\/wp-json\/wp\/v2\/categories?post=2357"},{"taxonomy":"post_tag","embeddable":true,"href":"http:\/\/www.coudalere.info\/wordpress\/wp-json\/wp\/v2\/tags?post=2357"}],"curies":[{"name":"wp","href":"https:\/\/api.w.org\/{rel}","templated":true}]}}