{"id":2446,"date":"2022-07-31T14:06:59","date_gmt":"2022-07-31T12:06:59","guid":{"rendered":"http:\/\/www.coudalere.info\/wordpress\/?p=2446"},"modified":"2022-07-31T14:07:01","modified_gmt":"2022-07-31T12:07:01","slug":"bestyrelsemoede-i-aslic-25-6-22","status":"publish","type":"post","link":"http:\/\/www.coudalere.info\/wordpress\/2022\/07\/31\/bestyrelsemoede-i-aslic-25-6-22\/","title":{"rendered":"Bestyrelsem\u00f8de i ASLIC 25\/6\/22"},"content":{"rendered":"\n<p class=\"wp-block-paragraph\">Info til den Skandinaviske Coudalere forening<br>Mandag den 25. juli 2022 havde vi et bestyrelsesm\u00f8de i ASLIC, hvor blandt andet valg af pr\u00e6sident for de n\u00e6ste 3 \u00e5r var p\u00e5 agendaen. Det er s\u00e6rligt dette punkt jeg gerne vil orientere om efterst\u00e5ende.<br>Men forinden havde vi den 22. juli 2022 den officielle indvielse af den nye gennemrenoverede og udvidede pool. Dette er allerede refereret og dokumenteret p\u00e5 www.capcoudalere.fr hvor man logger ind p\u00e5 ejerdelen og under fanen \u201dPool\u201d kan I se det hele. Der deltog mere end 100 personer og der var ogs\u00e5 en tale fra et byr\u00e5dsmedlem fra Barcares kommune \u2013 borgmesteren havde forfald i sidste \u00f8jeblik.<br>Da vi kom til punktet \u201dvalg af pr\u00e6sident\u201d p\u00e5 ASLIC m\u00f8det oplyste jeg, at jeg nu har v\u00e6ret pr\u00e6sident i 5 \u00e5r og et af mine store m\u00e5l var at f\u00e5 gennemf\u00f8rt projektet om vores pool, som nu var realiseret og hvor vi har modtaget mange positive kommentarer for. Det er meget tidskr\u00e6vende at have funktionen som pr\u00e6sident og da jeg mener jeg har l\u00f8st min opgave \u00f8nskede jeg ikke genvalg, men foreslog Daniel BLOT fra Mont Canigou. Han er meget inde i den franske lovgivning og da vi skal have opdateret vore vedt\u00e6gter i ASLIC samt have en endelig l\u00f8sning med Club Coudalere for fremtiden mener jeg han vil v\u00e6re den rigtige pr\u00e6sident for de n\u00e6ste 3 \u00e5r. Gregory BENTZ fra Le Port meldte sig ogs\u00e5 som kandidat og da han bor og lever hele \u00e5ret i Coudalere og Barcares mente han at han ville v\u00e6re den bedste pr\u00e6sident. Vi havde derfor en kampvalg til posten som pr\u00e6sident og jeg m\u00e5tte derfor sp\u00f8rge hver enkelt af de delegere om hvem de stemte p\u00e5. Resultatet blev at Gregory BENTZ fik 4.120 stemmer fra Le Port, Le Etang og Jamaica. Martinique 2 og 3 undlod at stemme, 910 stemmer og Daniel BLOT fik stemmerne fra alle de andre i alt 5.850. Daniel BLOT er derfor vores Pr\u00e6sident for ASLIC de n\u00e6ste 3 \u00e5r.<\/p>\n\n\n\n<p class=\"wp-block-paragraph\">Derefter fulgte valget som Vice pr\u00e6sident. Jeg spurgte igen om kandidater og hertil meldte sig Burkhardt GIELOFF fra Palmyra. Har har 2 lejligheder p\u00e5 Palmyra nr. 4 og 5. Han kommer fra Bremerhaven i Tyskland, men er pensioneret tandl\u00e6ge og bor i Coudalere ca. halvdelen af \u00e5ret. Derudover meldte Gregory BENTZ sig som kandidat. Der var s\u00e5ledes igen kampvalg om posten og samme procedure med at jeg igen m\u00e5tte sp\u00f8rge hver enkelt om hvem de stemte p\u00e5. Denne gang fik Gregory BENTZ lidt flere stemmer idet Martinique 2 og 3 og Le Mole ogs\u00e5 stemte p\u00e5 BENTZ \u2013 i alt fik han 5.040, men GIELOFF fik resten eller 5.840 stemmer og han blev s\u00e5ledes valgt.<br>Endelig fulgte valg af kritisk intern revisor \u2013 commis\u00e6r occount \u2013 og denne gang stillede BENTZ ikke op som modkandidat, men undlod dog ikke at kritisere mine sproglige kvalifikationer i fransk. Jeg havde ingen modkandidat og blev derfor valgt.<br>Jeg tror det var godt for Coudalere og alle medejere at BENTZ ikke blev valgt til nogen tillidsposter da hans valgt ville have udl\u00f8st mange opsigelser fra vores personale i ASLIC. Derudover ville der have v\u00e6ret situationer hvor der kunne v\u00e6re s\u00e5kaldt \u201dconflict og interest\u201d mellem interesser for ASLIC og hans forretning p\u00e5 Place Martinique.<br>Derudover var der p\u00e5 agendaen et punkt om vore gr\u00f8nne omr\u00e5der der alle mangler vand. Vi hverken kan eller m\u00e5 l\u00e6ngere anvende vores vandingssystem og derfor skal vi have en landskabs arkitekt til at komme med forslag til en oml\u00e6gning af omr\u00e5derne til mindre vandkr\u00e6vende planter. Forslaget blev enstemmigt vedtaget.<br>Lukning af poolen vil ske den 30. oktober 2022 dog med mulighed for en forl\u00e6ngelse med en uge alt afh\u00e6ngig af vejret.<br>De bedste hilsner, Michael Herschend. 31. juli 2022<\/p>\n","protected":false},"excerpt":{"rendered":"<p>Bestyrelsem\u00f8de i ASLIC 25 Juli 2022<\/p>\n","protected":false},"author":2,"featured_media":1754,"comment_status":"closed","ping_status":"closed","sticky":false,"template":"","format":"standard","meta":{"footnotes":""},"categories":[9],"tags":[],"class_list":["post-2446","post","type-post","status-publish","format-standard","has-post-thumbnail","hentry","category-medlem"],"_links":{"self":[{"href":"http:\/\/www.coudalere.info\/wordpress\/wp-json\/wp\/v2\/posts\/2446","targetHints":{"allow":["GET"]}}],"collection":[{"href":"http:\/\/www.coudalere.info\/wordpress\/wp-json\/wp\/v2\/posts"}],"about":[{"href":"http:\/\/www.coudalere.info\/wordpress\/wp-json\/wp\/v2\/types\/post"}],"author":[{"embeddable":true,"href":"http:\/\/www.coudalere.info\/wordpress\/wp-json\/wp\/v2\/users\/2"}],"replies":[{"embeddable":true,"href":"http:\/\/www.coudalere.info\/wordpress\/wp-json\/wp\/v2\/comments?post=2446"}],"version-history":[{"count":1,"href":"http:\/\/www.coudalere.info\/wordpress\/wp-json\/wp\/v2\/posts\/2446\/revisions"}],"predecessor-version":[{"id":2447,"href":"http:\/\/www.coudalere.info\/wordpress\/wp-json\/wp\/v2\/posts\/2446\/revisions\/2447"}],"wp:featuredmedia":[{"embeddable":true,"href":"http:\/\/www.coudalere.info\/wordpress\/wp-json\/wp\/v2\/media\/1754"}],"wp:attachment":[{"href":"http:\/\/www.coudalere.info\/wordpress\/wp-json\/wp\/v2\/media?parent=2446"}],"wp:term":[{"taxonomy":"category","embeddable":true,"href":"http:\/\/www.coudalere.info\/wordpress\/wp-json\/wp\/v2\/categories?post=2446"},{"taxonomy":"post_tag","embeddable":true,"href":"http:\/\/www.coudalere.info\/wordpress\/wp-json\/wp\/v2\/tags?post=2446"}],"curies":[{"name":"wp","href":"https:\/\/api.w.org\/{rel}","templated":true}]}}