{"id":2450,"date":"2022-08-22T06:58:00","date_gmt":"2022-08-22T04:58:00","guid":{"rendered":"http:\/\/www.coudalere.info\/wordpress\/?p=2450"},"modified":"2022-08-24T07:03:08","modified_gmt":"2022-08-24T05:03:08","slug":"aslic-og-club-coudalere","status":"publish","type":"post","link":"http:\/\/www.coudalere.info\/wordpress\/2022\/08\/22\/aslic-og-club-coudalere\/","title":{"rendered":"ASLIC og CLUB COUDALERE"},"content":{"rendered":"\n<!--more-->\n\n\n\n<p class=\"wp-block-paragraph\">Jeg har i dag modtaget vedh\u00e6ftede brev fra den nyvalgte pr\u00e6sident for ASLIC, som med assistance fra Google translate, er oversat til dansk. \u00c5rsagen til at jeg har modtaget dette brev er, at det er sendt til alle s\u00e5kaldte ejerforeningsform\u00e6nd og som bekendt er jeg dette for GUADELOUPE.<br>Jeg er 100% enig i indholdet af brevet og kan tilf\u00f8je, at jeg allerede har skrevet til pr\u00e6sidenten for Club Coudalere M. PERES og meddelt, at jeg mener der mangler noget om \u00e6ndring af vedt\u00e6gterne for Club Coudalere, som blev lovet da ASLIC stillede materiel og personale til r\u00e5dighed for Club Coudalere i denne sommer.<br>Vi skal hver i s\u00e6r tage stilling til om man vil v\u00e6re medlem af Club Coudalere og man bliver ikke medlem medmindre man selv meddeller dette til Club Coudalere. Grundet de d\u00e5rlige erfaringer har jeg besluttet IKKE at blive medlem af Club Coudalere og kan derfor heller ikke anbefale dette.<\/p>\n\n\n\n<p class=\"wp-block-paragraph\">Endelig kan jeg oplyse, at n\u00e6ste bestyrelsesm\u00f8de i ASLIC er berammet til den 9. september 2022, hvor dette emne ogs\u00e5 vil blive dr\u00f8ftet. N\u00e5r jeg har den endelige dagsorden fremsender jeg naturligvis denne.<\/p>\n\n\n\n<p class=\"wp-block-paragraph\"><br>De bedste hilsner<\/p>\n\n\n\n<p class=\"wp-block-paragraph\">Michael&nbsp;<\/p>\n\n\n\n<p class=\"wp-block-paragraph\"><\/p>\n\n\n\n<p class=\"wp-block-paragraph\"><strong>Brev fra Daniel BLOT:<\/strong><\/p>\n\n\n\n<p class=\"wp-block-paragraph\">K\u00e6re Michael <\/p>\n\n\n\n<p class=\"wp-block-paragraph\">Club Coudalere \u2013 generalforsamling den 1. september 2022<\/p>\n\n\n\n<p class=\"wp-block-paragraph\"><br>Den 13. august sendte hr. Peres, formand for Club Coudal\u00e8re, en e-mail til pr\u00e6sidenterne for de enkelte ejerforeninger for at annoncere den n\u00e6ste ordin\u00e6re generalforsamling i Club Coudal\u00e8re, hvori han bad dem videresende denne &#8220;indkaldelse&#8221; til deres medejere .<br>Nogle pr\u00e6sidenter &#8211; inklusive mig selv &#8211; har n\u00e6gtet at deltage i dette spil, som faktisk ville best\u00e5 i at f\u00e5 alle medejere af siden til at tro, at de er medlemmer af klubben.<br>Det er de dog ikke. Som du ved, er der siden 1. januar 2022 ikke blevet trukket noget bidrag til Club Coudal\u00e8re af ASLIC p\u00e5 halv\u00e5rsopkr\u00e6vningen. Dette i kraft af anvendelsen af en lovbestemmelse om foreningsfrihed og enhver borgers mulighed for at tilslutte sig en forening eller ej, velvidende at dette medlemskab skal v\u00e6re individuelt og ikke kollektivt.<br>Du ved, at Club Coudal\u00e8re \u00e6ndrede sine vedt\u00e6gter i maj sidste \u00e5r under en ekstraordin\u00e6r generalforsamling indkaldt under forhold i strid med vedt\u00e6gterne. Endnu mere ekstraordin\u00e6rt udelukkede de nye vedt\u00e6gter ASLIC fra klubben og fjernede den position som institutionelt medlem, som den havde haft siden dens oprettelse i 1991.<br>Selvom alle b\u00e5nd derfor er blevet brudt, p\u00e5 initiativ af Club Coudal\u00e8re, mellem de to enheder, har formanden for Club Coudal\u00e8re anmodet om assistance fra ASLIC for at sikre tilrettel\u00e6ggelsen af de begivenheder, der er planlagt for s\u00e6sonen. For ikke at straffe ejere og ferieg\u00e6ster, blev denne st\u00f8tte bevilget p\u00e5 betingelse af, at klubben skriftligt forpligtede sig til at arbejde for at genoprette &#8220;normale&#8221; forbindelser med ASLIC.<br>Denne anmodning om tilsagn, som blev gentaget ved flere lejligheder af ASLICs direkt\u00f8r, blev ikke im\u00f8dekommet.<br>Situationen er klar. Club Coudal\u00e8re kan ikke p\u00e5st\u00e5, at de 1249 ejere af Coudal\u00e8re er medlemmer af foreningen. Det er op til ham selv at g\u00e5 videre til indsamling af medlemsskaber og derefter at indkalde sine medlemmer til generalforsamlingen.<br>Personligt vil jeg p\u00e5 ingen m\u00e5de opfordre til afholdelse af dette m\u00f8de og vil derfor ikke invitere nogen af medejerne af Mont-Canigou &#8211; som ikke er medlemmer af Club Coudal\u00e8re &#8211; til at deltage.<br>Accepter venligst forsikringen om min hengivenhed.<br>Med venlig hilsen<br>Daniel BLOT, formand for ASLIC.<\/p>\n\n\n\n<p class=\"wp-block-paragraph\"><\/p>\n\n\n\n<p class=\"wp-block-paragraph\"><br><br><\/p>\n\n\n\n<p class=\"wp-block-paragraph\"><\/p>\n\n\n\n<p class=\"wp-block-paragraph\"><\/p>\n","protected":false},"excerpt":{"rendered":"","protected":false},"author":2,"featured_media":2253,"comment_status":"closed","ping_status":"closed","sticky":false,"template":"","format":"standard","meta":{"footnotes":""},"categories":[9],"tags":[],"class_list":["post-2450","post","type-post","status-publish","format-standard","has-post-thumbnail","hentry","category-medlem"],"_links":{"self":[{"href":"http:\/\/www.coudalere.info\/wordpress\/wp-json\/wp\/v2\/posts\/2450","targetHints":{"allow":["GET"]}}],"collection":[{"href":"http:\/\/www.coudalere.info\/wordpress\/wp-json\/wp\/v2\/posts"}],"about":[{"href":"http:\/\/www.coudalere.info\/wordpress\/wp-json\/wp\/v2\/types\/post"}],"author":[{"embeddable":true,"href":"http:\/\/www.coudalere.info\/wordpress\/wp-json\/wp\/v2\/users\/2"}],"replies":[{"embeddable":true,"href":"http:\/\/www.coudalere.info\/wordpress\/wp-json\/wp\/v2\/comments?post=2450"}],"version-history":[{"count":5,"href":"http:\/\/www.coudalere.info\/wordpress\/wp-json\/wp\/v2\/posts\/2450\/revisions"}],"predecessor-version":[{"id":2468,"href":"http:\/\/www.coudalere.info\/wordpress\/wp-json\/wp\/v2\/posts\/2450\/revisions\/2468"}],"wp:featuredmedia":[{"embeddable":true,"href":"http:\/\/www.coudalere.info\/wordpress\/wp-json\/wp\/v2\/media\/2253"}],"wp:attachment":[{"href":"http:\/\/www.coudalere.info\/wordpress\/wp-json\/wp\/v2\/media?parent=2450"}],"wp:term":[{"taxonomy":"category","embeddable":true,"href":"http:\/\/www.coudalere.info\/wordpress\/wp-json\/wp\/v2\/categories?post=2450"},{"taxonomy":"post_tag","embeddable":true,"href":"http:\/\/www.coudalere.info\/wordpress\/wp-json\/wp\/v2\/tags?post=2450"}],"curies":[{"name":"wp","href":"https:\/\/api.w.org\/{rel}","templated":true}]}}