{"id":2610,"date":"2024-03-27T06:30:08","date_gmt":"2024-03-27T05:30:08","guid":{"rendered":"http:\/\/www.coudalere.info\/wordpress\/?p=2610"},"modified":"2024-03-27T07:02:28","modified_gmt":"2024-03-27T06:02:28","slug":"referat-fra-generalforsamlingen-2024","status":"publish","type":"post","link":"http:\/\/www.coudalere.info\/wordpress\/2024\/03\/27\/referat-fra-generalforsamlingen-2024\/","title":{"rendered":"Referat fra Generalforsamlingen 2024 samt regnskab"},"content":{"rendered":"\n<!--more-->\n\n\n\n<p class=\"wp-block-paragraph\">Dagsorden:<\/p>\n\n\n\n<p class=\"wp-block-paragraph\">1.&nbsp;Valg af dirigent<\/p>\n\n\n\n<p class=\"wp-block-paragraph\">2.&nbsp;Bestyrelsens beretning<\/p>\n\n\n\n<p class=\"wp-block-paragraph\">3.&nbsp;Freml\u00e6ggelse af det reviderede regnskab for 2023<\/p>\n\n\n\n<p class=\"wp-block-paragraph\">4.&nbsp;Freml\u00e6ggelse af budget for 2025, herunder kontingent for 2025<\/p>\n\n\n\n<p class=\"wp-block-paragraph\">5.&nbsp;Valg af medlemmer til bestyrelsen<\/p>\n\n\n\n<p class=\"wp-block-paragraph\">6.&nbsp;Valg af suppleanter<\/p>\n\n\n\n<p class=\"wp-block-paragraph\">7.&nbsp;Valg af revisor<\/p>\n\n\n\n<p class=\"wp-block-paragraph\">8.&nbsp;Eventuelt \u2013 herunder orientering om nyt fra ASLIC<\/p>\n\n\n\n<p class=\"wp-block-paragraph\">\u200b<strong>Valg &nbsp;af dirigent<\/strong><\/p>\n\n\n\n<p class=\"wp-block-paragraph\">\u200bFormanden (Stig) indledte med at byde velkommen, hvorefter Poul Andersen blev valgt<\/p>\n\n\n\n<p class=\"wp-block-paragraph\">\u200bsom &nbsp;dirigent.<\/p>\n\n\n\n<p class=\"wp-block-paragraph\">\u200bDirigenten takkede for valget og konstaterede at Generalforsamlingen var lovligt&nbsp;\u200bvarslet.<\/p>\n\n\n\n<p class=\"wp-block-paragraph\">\u200b<strong>Bestyrelsens beretning<\/strong>\u200b<\/p>\n\n\n\n<p class=\"wp-block-paragraph\">\u200bStig berettede om det forl\u00f8bne \u00e5r i Coudal\u00e8re.<\/p>\n\n\n\n<p class=\"wp-block-paragraph\">\u200bDirekt\u00f8ren for Aslic J\u00e9rome Chanson fratr\u00e5dte i januar, og en ny direkt\u00f8r er nu tiltr\u00e5dt.&nbsp;<\/p>\n\n\n\n<p class=\"wp-block-paragraph\">\u200bDet er Richard Janot, som i en del \u00e5r har arbejdet for organisationen UCPA (som bl.a. har<\/p>\n\n\n\n<p class=\"wp-block-paragraph\">st\u00e5et for vandsportsaktiviteter i vores omr\u00e5de) og derigennem har god kontakt til Barcar\u00e8s kommune.<\/p>\n\n\n\n<p class=\"wp-block-paragraph\">Problemerne med t\u00f8rken i omr\u00e5det blev ogs\u00e5 n\u00e6vnt. Det er n\u00f8dvendigt med en nyt\u00e6nkning af alle de gr\u00f8nne omr\u00e5der, og der arbejdes p\u00e5 at finde en l\u00f8sning. Stig pr\u00e6senterede forskellige ideforslag, men pointerede, at der p.t. ikke ligger nogen f\u00e6rdige forslag parat.<\/p>\n\n\n\n<p class=\"wp-block-paragraph\">\u200bForeningens hjemmeside (<a href=\"http:\/\/www.coudalere.info\/\">www.coudalere.info<\/a>) blev ogs\u00e5 n\u00e6vnt, og det fremg\u00e5r af en oversigt, som Jan har&nbsp;\u200btrukket i systemet, at der siden 2018 stort ikke har v\u00e6ret nogen bes\u00f8g p\u00e5 siden. Det blev derfor dr\u00f8ftet om siden skulle bibeholdes, eller &nbsp;om man evt. skulle oprette en lukket facebook gruppe. Enkelte medlemmer n\u00e6vnte, at de havde haft problemer med at tilg\u00e5 siden, og det blev pointeret, at det er vigtigt at man logger sig p\u00e5 siden med den mailadresse, der er registreret. Man v\u00e6lger og opretter selv sit password.<\/p>\n\n\n\n<p class=\"wp-block-paragraph\">Efter lidt dr\u00f8ftelse valgte man at bibeholde siden, og der blev opfordret til at man benytter den mere, s\u00e5ledes at den bliver mere \u201dlevende.\u201d<\/p>\n\n\n\n<p class=\"wp-block-paragraph\">\u200bDer er blevet renoveret &nbsp;postkasser og bl.a. i l&#8217;Etang er der etableret et lukket og afl\u00e5st rum til de nye postkasser. N\u00f8glen hertil kan hentes hos CityA &nbsp;i Barcar\u00e8s.<\/p>\n\n\n\n<p class=\"wp-block-paragraph\">\u200b<\/p>\n\n\n\n<p class=\"wp-block-paragraph\">\u200bDatoerne for de kommende generalforsamlinger i de enkelte copropri\u00e9t\u00e9s\/ejerforeninger&nbsp;\u200bblev pr\u00e6senteret.&nbsp;<\/p>\n\n\n\n<p class=\"wp-block-paragraph\">\u200bI de ejerforeninger, der er administreret af CityA vil mange modtage indkaldelsen&nbsp;\u200b<\/p>\n\n\n\n<p class=\"wp-block-paragraph\">\u200b<\/p>\n\n\n\n<p class=\"wp-block-paragraph\">\u200belektronisk&nbsp;(via AR24) .&nbsp;<strong>Det er vigtigt at man fremsender sin fuldmagt, hvis man ikke&nbsp;<\/strong>\u200b<strong>selv deltager&nbsp;<\/strong>\u200b<strong>i generalforsamlingen, s\u00e5 vi kan g\u00f8re vores stemmer g\u00e6ldende.<\/strong><\/p>\n\n\n\n<p class=\"wp-block-paragraph\">\u200bStig n\u00e6vnte derudover, at vi &nbsp;har modtaget et sp\u00f8rgsm\u00e5l fra et medlem om man kan videregive sin \u201dfrie\u201d frokost ved foreningens Generalforsamling her sammen med en fuldmagt til et andet medlem. Bestyrelsen har besluttet, at det kan man ikke, da der var fuld opbakning fra alle tilstedev\u00e6rende medlemmer hertil. Det er bestyrelsen, der hvert \u00e5r inviterer til og s\u00e6tter rammerne for &nbsp;generalforsamlingen bl.a. under hensyntagen til foreningens \u00f8konomi.<\/p>\n\n\n\n<p class=\"wp-block-paragraph\"><strong>Freml\u00e6ggelse af det reviderede regnskab for 2023<\/strong><\/p>\n\n\n\n<p class=\"wp-block-paragraph\">Kassereren&nbsp;fremlagde det reviderede regnskab for 2023, som blev godkendt af generalforsamlingen.&nbsp;<\/p>\n\n\n\n<p class=\"wp-block-paragraph\">\u200b<strong>Freml\u00e6ggelse af budget for 2025, herunder kontingent for 2025<\/strong><\/p>\n\n\n\n<p class=\"wp-block-paragraph\">\u200bBudgettet for 2025 blev ligeledes fremlagt og godkendt med en kontingentforh\u00f8jelse til&nbsp;<\/p>\n\n\n\n<p class=\"wp-block-paragraph\">\u200bkr. 750,-.<\/p>\n\n\n\n<p class=\"wp-block-paragraph\"><strong>Valg af medlemmer til bestyrelsen&nbsp;<\/strong><\/p>\n\n\n\n<p class=\"wp-block-paragraph\">\u200bP\u00e5 grund af stort arbejdspres privat \u00f8nskede b\u00e5de Stig og Jan at fratr\u00e6de, og der er derfor&nbsp;\u200bbehov for nye medlemmer til bestyrelsen. &nbsp;<\/p>\n\n\n\n<p class=\"wp-block-paragraph\">Ole Lauridsen og Lise Thorsen meldte sig &nbsp;til at deltage i bestyrelsesarbejdet. Begge blev enstemmigt valgt.<\/p>\n\n\n\n<p class=\"wp-block-paragraph\">Bestyrelsen best\u00e5r herefter af:<\/p>\n\n\n\n<p class=\"wp-block-paragraph\">Poul Andersen\u200b Bestyrelsesmedlem\/Kasserer\u00a0<\/p>\n\n\n\n<p class=\"wp-block-paragraph\">Susanne Berg\u200b Bestyrelsesmedlem\/Sekret\u00e6r<\/p>\n\n\n\n<p class=\"wp-block-paragraph\">Per Justad\u200b Bestyrelsesmedlem<\/p>\n\n\n\n<p class=\"wp-block-paragraph\">Ole Lauridsen\u200b Bestyrelsesmedlem<\/p>\n\n\n\n<p class=\"wp-block-paragraph\">Lise Thorsen\u200b Bestyrelsesmedlem<\/p>\n\n\n\n<p class=\"wp-block-paragraph\"><strong>Valg af suppleanter<\/strong><\/p>\n\n\n\n<p class=\"wp-block-paragraph\">\u200bDer er p.t. ingen suppleanter til bestyrelsen. Ingen \u00f8nskede at opstille til valg, og man&nbsp;\u200bforts\u00e6tter som nu med 5 bestyrelsesmedlemmer og ingen suppleanter.<\/p>\n\n\n\n<p class=\"wp-block-paragraph\"><strong>Valg af revisor<\/strong><\/p>\n\n\n\n<p class=\"wp-block-paragraph\">\u200bMichael Herschend er villig til at forts\u00e6tte som revisor. Han blev enstemmigt valgt.<\/p>\n\n\n\n<p class=\"wp-block-paragraph\">\u200b<strong>Eventuelt<\/strong><\/p>\n\n\n\n<p class=\"wp-block-paragraph\">\u200bMichael orienterede om situationen i Aslic hvor hver enkelt ejerforening er repr\u00e6senteret .&nbsp;\u200bDog er der i \u00f8jeblikket ingen repr\u00e6sentation for l&#8217;Etang p\u00e5 grund af diverse interne&nbsp;\u200buenigheder i denne ejerforening.<\/p>\n\n\n\n<p class=\"wp-block-paragraph\">Michael orienterede ogs\u00e5 om den nye direkt\u00f8r for Aslic, Richard Janot, som ogs\u00e5 vil v\u00e6re ansvarlig for de tekniske omr\u00e5der, efter at Martje Vluugt er fratr\u00e5dt.&nbsp;<\/p>\n\n\n\n<p class=\"wp-block-paragraph\">Da surfskolen (under UCPA) er lukket st\u00e5r \u201dsurf containeren\u201d p\u00e5 den lille strand ved swimmingpoolen &nbsp;nu tom, men der er &nbsp;mulighed for, at vi evt. kan disponere over den n\u00e6ste \u00e5r.<\/p>\n\n\n\n<p class=\"wp-block-paragraph\">Som tidligere n\u00e6vnt giver t\u00f8rken i Sydfrankrig ogs\u00e5 os problemer. Der er indf\u00f8rt mange restriktioner &#8211; bl.a. reng\u00f8ring af poolen vanskeligg\u00f8res &#8211; og der er i det hele taget problemer med brug af vand. Vi kender dog endnu ikke de n\u00f8jagtige restriktioner, som udstedes af prefekuret.<\/p>\n\n\n\n<p class=\"wp-block-paragraph\">Der vil blive udf\u00e6rdiget nye skilte til poolen som fort\u00e6ller om reglementet for brugen af poolen.&nbsp;<\/p>\n\n\n\n<p class=\"wp-block-paragraph\">Det lille vandbassin, som man skal g\u00e5 igennem for at komme helt ind til poolen bliver udvidet, s\u00e5ledes at man ikke kan undg\u00e5 at g\u00e5 igennem det.<\/p>\n\n\n\n<p class=\"wp-block-paragraph\">Poolen (Panorama pool) vil \u00e5bne den 28.marts i \u00e5r.&nbsp;<\/p>\n\n\n\n<p class=\"wp-block-paragraph\">Der vil ogs\u00e5 blive etableret nye infoboards som skal orientere om hvad der vil komme af underholdning m.v. De bliver opsat ved poolen og ved klubhuset.&nbsp;<\/p>\n\n\n\n<p class=\"wp-block-paragraph\">\u200b<\/p>\n\n\n\n<p class=\"wp-block-paragraph\">\u200bDer er planer om ved klubhuset, at etablere en skyggeafd\u00e6kning bl.a. af hensyn til de, der&nbsp;\u200blaver Zumba m.v..&nbsp;<\/p>\n\n\n\n<p class=\"wp-block-paragraph\">\u200bDer var ikke yderligere punkter til dr\u00f8ftelse .<\/p>\n\n\n\n<div data-wp-interactive=\"core\/file\" class=\"wp-block-file\"><object data-wp-bind--hidden=\"!state.hasPdfPreview\" hidden class=\"wp-block-file__embed\" data=\"http:\/\/www.coudalere.info\/wordpress\/wp-content\/uploads\/2024\/03\/Doc-17-03-2024-07.57.pdf\" type=\"application\/pdf\" style=\"width:100%;height:600px\" aria-label=\"Embed Regnskab for 2023 samt Budget for 2024.\"><\/object><a id=\"wp-block-file--media-a182964c-5f35-47e0-8de7-8ad559620551\" href=\"http:\/\/www.coudalere.info\/wordpress\/wp-content\/uploads\/2024\/03\/Doc-17-03-2024-07.57.pdf\">Regnskab for 2023 samt Budget for 2024<\/a><a href=\"http:\/\/www.coudalere.info\/wordpress\/wp-content\/uploads\/2024\/03\/Doc-17-03-2024-07.57.pdf\" class=\"wp-block-file__button wp-element-button\" download aria-describedby=\"wp-block-file--media-a182964c-5f35-47e0-8de7-8ad559620551\">Download<\/a><\/div>\n","protected":false},"excerpt":{"rendered":"","protected":false},"author":2,"featured_media":0,"comment_status":"open","ping_status":"closed","sticky":false,"template":"","format":"standard","meta":{"footnotes":""},"categories":[9],"tags":[],"class_list":["post-2610","post","type-post","status-publish","format-standard","hentry","category-medlem"],"_links":{"self":[{"href":"http:\/\/www.coudalere.info\/wordpress\/wp-json\/wp\/v2\/posts\/2610","targetHints":{"allow":["GET"]}}],"collection":[{"href":"http:\/\/www.coudalere.info\/wordpress\/wp-json\/wp\/v2\/posts"}],"about":[{"href":"http:\/\/www.coudalere.info\/wordpress\/wp-json\/wp\/v2\/types\/post"}],"author":[{"embeddable":true,"href":"http:\/\/www.coudalere.info\/wordpress\/wp-json\/wp\/v2\/users\/2"}],"replies":[{"embeddable":true,"href":"http:\/\/www.coudalere.info\/wordpress\/wp-json\/wp\/v2\/comments?post=2610"}],"version-history":[{"count":7,"href":"http:\/\/www.coudalere.info\/wordpress\/wp-json\/wp\/v2\/posts\/2610\/revisions"}],"predecessor-version":[{"id":2623,"href":"http:\/\/www.coudalere.info\/wordpress\/wp-json\/wp\/v2\/posts\/2610\/revisions\/2623"}],"wp:attachment":[{"href":"http:\/\/www.coudalere.info\/wordpress\/wp-json\/wp\/v2\/media?parent=2610"}],"wp:term":[{"taxonomy":"category","embeddable":true,"href":"http:\/\/www.coudalere.info\/wordpress\/wp-json\/wp\/v2\/categories?post=2610"},{"taxonomy":"post_tag","embeddable":true,"href":"http:\/\/www.coudalere.info\/wordpress\/wp-json\/wp\/v2\/tags?post=2610"}],"curies":[{"name":"wp","href":"https:\/\/api.w.org\/{rel}","templated":true}]}}