{"id":2641,"date":"2024-06-19T19:04:31","date_gmt":"2024-06-19T17:04:31","guid":{"rendered":"http:\/\/www.coudalere.info\/wordpress\/?p=2641"},"modified":"2025-04-24T13:09:36","modified_gmt":"2025-04-24T11:09:36","slug":"notat-om-generalforsamlingen-tirsdag-den-18-juni-2024-for-aslic","status":"publish","type":"post","link":"http:\/\/www.coudalere.info\/wordpress\/2024\/06\/19\/notat-om-generalforsamlingen-tirsdag-den-18-juni-2024-for-aslic\/","title":{"rendered":"Notat om generalforsamlingen\u00a0tirsdag\u00a0den 18. juni 2024 for ASLIC"},"content":{"rendered":"\n<!--more-->\n\n\n<p><span class=\"s3\">Med dette notat skal jeg hermed give min opfattelse af ovenst\u00e5ende generalforsamling, som blev afholdt i Mas de <\/span><span class=\"s3\">l\u2019llle<\/span><span class=\"s3\"> i <\/span><span class=\"s3\">Barcares<\/span><span class=\"s3\"> og ikke Club House som normalt. \u00c5rsagen til at det blev flyttet var at man forventede mange flere deltagere end der er plads til i Club House.<\/span><\/p>\n<p><span class=\"s3\">Udover at stedet for generalforsamlingen var flyttet havde man ogs\u00e5 mere personale for at sikre en ordentlig afvikling af generalforsamlingen, herunder med deltagelse af en officiel person som hedder <\/span><span class=\"s3\">J\u00e9rome<\/span><span class=\"s3\"> JALIBERT der har titel af <\/span><span class=\"s3\">Commissaire<\/span><span class=\"s3\"> de Justice og som har myndighed til fra officiel side at anl\u00e6gge <\/span><span class=\"s3\">retsag<\/span><span class=\"s3\"> mod personer som ikke kan opf\u00f8re sig ordentlig og efter forskrifterne for generalforsamlingen. Derudover deltog 2 advokater og vores revisor <\/span><span class=\"s3\">Dilme<\/span><span class=\"s3\">.<\/span><\/p>\n<p><span class=\"s3\">P\u00e5 hjemmesiden <\/span><a href=\"http:\/\/www.capcoudalere.fr\/\"><span class=\"s4\">www.capcoudalere.fr<\/span><\/a><span class=\"s3\"> har alle haft og har mulighed for at tilg\u00e5 dokumenterne dvs. afrapportering fra bestyrelsesformanden, direkt\u00f8ren, \u00e5rsregnskab mv.<\/span><\/p>\n<p><span class=\"s3\">Mandag aften modtog jeg fra et par af <\/span><span class=\"s3\">vore<\/span><span class=\"s3\"> medlemmer i den Skandinaviske forening en telefonopringning og mails udsendt af Gregory <\/span><span class=\"s3\">Bentz<\/span><span class=\"s3\"> til ejere i Le Port (pr\u00e6sident for Le Port) og en enslydende mail udsendt af pr\u00e6sidenten for <\/span><span class=\"s3\">L\u2019Etang<\/span><span class=\"s3\"> hr. <\/span><span class=\"s3\">Istac<\/span><span class=\"s3\">. Sammen med disse mail<\/span><span class=\"s3\">s<\/span><span class=\"s3\"> var vedh\u00e6ftet <\/span><span class=\"s3\">en anonymt brev<\/span><span class=\"s3\"> med mange anklager mod ledelsen af ASLIC. Ved n\u00e6rmere gennemgang af dette brev kunne jeg konstatere, at forfatteren til brevet alene kunne v\u00e6re hr. <\/span><span class=\"s3\">Bentz<\/span><span class=\"s3\"> idet det indehold emner fra det seneste ASLIC bestyrelsesm\u00f8de. Derudover var der mange udokumenterede p\u00e5stande og fejl. Hvis man havde v\u00e6re <\/span><span class=\"s3\">konstruktiv<\/span><span class=\"s3\"> havde man taget en dialog herom i stedet for at oppiske en negativ stemning mod ASLIC. Jeg kan kun gisne om form\u00e5let hermed, men tror det handler om magt og indflydelse.<\/span><span class=\"s3\"> Afsenderne af disse 2 mails havde ikke sendt det til direkt\u00f8ren eller bestyrelsen for ASLIC, som ogs\u00e5 efter min opfattelse virker underligt og alene kan opfattes som fors\u00f8g p\u00e5 undergravende virksomhed.<\/span><\/p>\n<p><span class=\"s3\">Generalforsamlingen var fastlagt til at starte kl. 14.00, men kom f\u00f8rst i gang kl<\/span><span class=\"s3\">.<\/span><span class=\"s3\"> 14.50 grundet mange deltagere, som f\u00f8rst skulle forevise ID og registreres ved indgangen.<\/span><\/p>\n<p><span class=\"s3\">De 3 ejerforeninger som ikke havde givet mandat til deres pr\u00e6sident til at stemme p\u00e5 deres vegne kunne stemme personligt eller ved fuldmagt. Det handlede om Mont <\/span><span class=\"s3\">Canigou<\/span><span class=\"s3\">, Martinique 2 &amp; 3 samt <\/span><span class=\"s3\">Hebrydes<\/span><span class=\"s3\">. De var derfor placeret f\u00f8rst i salen medens alle andre tilh\u00f8rer sad bagerst i salen.<\/span><\/p>\n<p><span class=\"s3\">Pr\u00e6sident Blot b\u00f8d velkommen og redegjorde for arbejdet i ASLIC-bestyrelsen siden sidste \u00e5r. Derefter aflagde direkt\u00f8r Richard <\/span><span class=\"s3\">Janot<\/span><span class=\"s3\"> beretning \u2013 jeg anbefaler at l\u00e6se hans beretning som ogs\u00e5 ligger i engelsk version p\u00e5 hjemmesiden. Gennemgangen af regnskabet 2023 forestod vores revisor M. <\/span><span class=\"s3\">Dilme<\/span><span class=\"s3\"> og han gjorde det meget godt og grundig<\/span><span class=\"s3\">t. Der var mange sp\u00f8rgsm\u00e5l fra s\u00e6rligt <\/span><span class=\"s3\">Bentz<\/span><span class=\"s3\"> (Le Port) og <\/span><span class=\"s3\">Istac<\/span><span class=\"s3\"> (<\/span><span class=\"s3\">L\u2019Etang<\/span><span class=\"s3\">), men ogs\u00e5 fra Martinique 1, Jamaica og <\/span><span class=\"s3\">Catalana<\/span><span class=\"s3\">, som tydeligvis havde koordineret alle deres sp\u00f8rgsm\u00e5l. Revisor M. <\/span><span class=\"s3\">Dilme<\/span><span class=\"s3\"> svarede godt og omhyggeligt p\u00e5 alle sp\u00f8rgsm\u00e5l og efter min opfattelse helt korrekt. Der er i ASLIC nogle hens\u00e6ttelser fra tidligere \u00e5rs overskud og dette er med til at sikre en god likviditet i ASLIC, som grundet manglende betalinger fra ejerne p\u00e5 ca. 180.000 \u20ac kan give udfordringer i den daglige drift. Derefter aflagde jeg min beretning som <\/span><span class=\"s3\">commissaire<\/span> <span class=\"s3\">account<\/span><span class=\"s3\"> (interne revisor valgt af bestyrelsen for ASLIC). Jeg fik ogs\u00e5 nogle kritiske sp\u00f8rgsm\u00e5l fra <\/span><span class=\"s3\">Calatane<\/span><span class=\"s3\"> og <\/span><span class=\"s3\">L\u2019Etang<\/span><span class=\"s3\">, men disse blev selvf\u00f8lgelig besvaret.<\/span><\/p>\n<p><span class=\"s3\">Herefter kom afstemningen om regnskabet 2023 og det blev ikke godkendt idet 55,32% stemte imod og det var prim\u00e6rt Le Port, <\/span><span class=\"s3\">L\u2019Etang<\/span><span class=\"s3\">, Martinique 1, <\/span><span class=\"s3\">Jamacia<\/span><span class=\"s3\">, <\/span><span class=\"s3\">Catalane<\/span><span class=\"s3\"> samt dem som stemte personligt for de 3 <\/span><span class=\"s3\">tidliger<\/span><span class=\"s3\"> omtalte ejerforeninger.<\/span><\/p>\n<p><span class=\"s3\">Konsekvensen heraf er, at der af myndighederne vil blive indsat en administrator, som skal gennemg\u00e5 regnskabet og forh\u00e5bentlig godkende det p\u00e5 samme m\u00e5de som ekstern og intern revisor har gjort det. Dette koster naturligvis mange penge og der er alene os alle ejere i <\/span><span class=\"s3\">Coudalere<\/span><span class=\"s3\"> til at betale. Efter min opfattelse spil af tid og penge for alle.<\/span><\/p>\n<p><span class=\"s3\">Herefter fulgte behandlingen af det opdaterede budget for 2024, som efter lange diskussioner blev godkendt af alle 93,8% med undtagelse af <\/span><span class=\"s3\">Catalana<\/span><span class=\"s3\">. Det samlede budget bel\u00f8ber sig til \u20ac 1.256.880 <\/span><span class=\"s3\">incl<\/span><span class=\"s3\">. Tilbagebetaling af bankl\u00e5net til renoveringen af Poolen med \u20ac 200.000.<\/span><\/p>\n<p><span class=\"s3\">Budget for 2025 var ogs\u00e5 et punkt p\u00e5 agendaen og ligeledes efter lange diskussioner blev dette godkendt med 98,84% af stemmerne. M. <\/span><span class=\"s3\">Gallet<\/span><span class=\"s3\"> som repr\u00e6senterede ejeren af Le <\/span><span class=\"s3\">M\u00f6le<\/span><span class=\"s3\"> stemte imod med den begrundelse, at han gennem \u00e5rene har set at budgetterne hele tiden bliver reduceret og efter hans (og min) opfattelse g\u00e5r det ud over kvaliteten i <\/span><span class=\"s3\">Coudalere<\/span><span class=\"s3\">.<\/span><\/p>\n<p><span class=\"s3\">Punkt 7 p\u00e5 agendaen var et sp\u00f8rgsm\u00e5l om integration af 2 lejligheder i <\/span><span class=\"s3\">Jamacia<\/span><span class=\"s3\"> som for mange \u00e5r siden var blevet ombygget fra depotrum til mindre lejligheder. Dette er aldrig kommet rigtigt p\u00e5 plads og derfor har de ikke gennem mange \u00e5r betalt deres bidrag til <\/span><span class=\"s3\">ASLIC !<\/span><span class=\"s3\"> De har v\u00e6ret gratister. For at det kan godkendes p\u00e5 ASLIC generalforsamlingen kr\u00e6ver det at alle ejerforeningerne f\u00f8rst skal have det p\u00e5 deres respektive generalforsamlinger i for\u00e5ret 2025. Den endelige vedtagelse i ASLIC m\u00e5 derfor afvente resultatet af alle ejerforeningerne generalforsamlinger.<\/span><\/p>\n<p><span class=\"s3\">Sidste punkt for generalforsamlingen var dato for n\u00e6ste \u00e5rs generalforsamling, som bliver den 13. juni 2025.<\/span><\/p>\n<\/p>\n<p><span class=\"s3\">Generalforsamlingen afsluttet kl. 20.00<\/span><\/p>\n<\/p>\n<p><span class=\"s3\">S\u00e5ledes mit notat om generalforsamlingen med lidt personlige kommentarer.<\/span><\/p>\n<\/p>\n<p><span class=\"s3\">Michael Herschend<\/span><\/p>\n<p><span class=\"s3\">ASLIC delegeret for ejerforeningen GUADELOUPE<\/span><\/p>\n<\/p>\n\n\n<div data-wp-interactive=\"core\/file\" class=\"wp-block-file\"><object data-wp-bind--hidden=\"!state.hasPdfPreview\" hidden class=\"wp-block-file__embed\" data=\"http:\/\/www.coudalere.info\/wordpress\/wp-content\/uploads\/2024\/06\/Rapport-du-directeur-june-2024.GB_.pdf\" type=\"application\/pdf\" style=\"width:100%;height:600px\" aria-label=\"Embed Rapport-du-directeur-june-2024.GB_.\"><\/object><a id=\"wp-block-file--media-8f66121d-c124-4936-b259-5d15aafb6ec1\" href=\"http:\/\/www.coudalere.info\/wordpress\/wp-content\/uploads\/2024\/06\/Rapport-du-directeur-june-2024.GB_.pdf\">Rapport-du-directeur-june-2024.GB_<\/a><a href=\"http:\/\/www.coudalere.info\/wordpress\/wp-content\/uploads\/2024\/06\/Rapport-du-directeur-june-2024.GB_.pdf\" class=\"wp-block-file__button wp-element-button\" download aria-describedby=\"wp-block-file--media-8f66121d-c124-4936-b259-5d15aafb6ec1\">Download<\/a><\/div>\n","protected":false},"excerpt":{"rendered":"","protected":false},"author":2,"featured_media":0,"comment_status":"closed","ping_status":"closed","sticky":false,"template":"","format":"standard","meta":{"footnotes":""},"categories":[9,68],"tags":[],"class_list":["post-2641","post","type-post","status-publish","format-standard","hentry","category-medlem","category-vedr-aslic-og-ejerforeninger"],"_links":{"self":[{"href":"http:\/\/www.coudalere.info\/wordpress\/wp-json\/wp\/v2\/posts\/2641","targetHints":{"allow":["GET"]}}],"collection":[{"href":"http:\/\/www.coudalere.info\/wordpress\/wp-json\/wp\/v2\/posts"}],"about":[{"href":"http:\/\/www.coudalere.info\/wordpress\/wp-json\/wp\/v2\/types\/post"}],"author":[{"embeddable":true,"href":"http:\/\/www.coudalere.info\/wordpress\/wp-json\/wp\/v2\/users\/2"}],"replies":[{"embeddable":true,"href":"http:\/\/www.coudalere.info\/wordpress\/wp-json\/wp\/v2\/comments?post=2641"}],"version-history":[{"count":2,"href":"http:\/\/www.coudalere.info\/wordpress\/wp-json\/wp\/v2\/posts\/2641\/revisions"}],"predecessor-version":[{"id":2644,"href":"http:\/\/www.coudalere.info\/wordpress\/wp-json\/wp\/v2\/posts\/2641\/revisions\/2644"}],"wp:attachment":[{"href":"http:\/\/www.coudalere.info\/wordpress\/wp-json\/wp\/v2\/media?parent=2641"}],"wp:term":[{"taxonomy":"category","embeddable":true,"href":"http:\/\/www.coudalere.info\/wordpress\/wp-json\/wp\/v2\/categories?post=2641"},{"taxonomy":"post_tag","embeddable":true,"href":"http:\/\/www.coudalere.info\/wordpress\/wp-json\/wp\/v2\/tags?post=2641"}],"curies":[{"name":"wp","href":"https:\/\/api.w.org\/{rel}","templated":true}]}}